{"id":64399,"date":"2023-04-21T13:38:06","date_gmt":"2023-04-21T17:38:06","guid":{"rendered":"https:\/\/www.westnipissing.ca\/west-nipissing-pride-announces-first-local-pride-parade\/"},"modified":"2025-11-20T20:44:41","modified_gmt":"2025-11-21T01:44:41","slug":"west-nipissing-pride-announces-first-local-pride-parade","status":"publish","type":"post","link":"https:\/\/www.westnipissing.ca\/fr\/west-nipissing-pride-announces-first-local-pride-parade\/","title":{"rendered":"Premi\u00e8re parade annuelle de la fiert\u00e9 de Nipissing Ouest le 10 juin"},"content":{"rendered":"\n<div class=\"wp-block-columns is-layout-flex wp-container-core-columns-is-layout-28f84493 wp-block-columns-is-layout-flex\">\n<div class=\"wp-block-column is-layout-flow wp-block-column-is-layout-flow\" style=\"flex-basis:50%\">\n<p>La Municipalit\u00e9, en partenariat avec le Comit\u00e9 de Fiert\u00e9 Nipissing Ouest, a le plaisir d&#8217;annoncer sa la premi\u00e8re parade annuelle de la Fiert\u00e9, qui aura lieu \u00e0 Sturgeon Falls <strong>le<\/strong> <strong>samedi 10 juin, \u00e0 13 h.<\/strong><\/p>\n\n\n\n<p>La Parade de la Fiert\u00e9 est un \u00e9v\u00e9nement inclusif qui c\u00e9l\u00e8bre la communaut\u00e9 LGBTQ2S+ et ses alli\u00e9s \u00e0 Nipissing Ouest. Le comit\u00e9  invite les entreprises et les organismes locaux \u00e0 participer \u00e0 cet \u00e9v\u00e9nement.<\/p>\n\n\n\n<p>En participant \u00e0 la parade, vous aurez la chance de pr\u00e9senter votre marque, vos produits et vos services \u00e0 un public engag\u00e9. De plus, votre pr\u00e9sence \u00e0 la parade enverra un message d\u2019inclusion et d\u2019acceptation, montrant que votre entreprise valorise la diversit\u00e9 et s\u2019oppose \u00e0 la discrimination. <\/p>\n\n\n\n<p>Que vous participiez au d\u00e9fil\u00e9, vous d\u00e9coriez un char all\u00e9gorique ou que vous soyez spectateur, il y a de nombreuses fa\u00e7ons de s&#8217;impliquer et d&#8217;avoir un impact positif. <\/p>\n\n\n\n<p>Pour inscrire un char all\u00e9gorique, remplissez le <strong><a href=\"https:\/\/www.westnipissing.ca\/wp-content\/uploads\/2023\/04\/Pride-Parade-Registration-Form-fillable-form.pdf\">Formulaire d&#8217;inscription<\/a> <\/strong>et retournez-le par courriel \u00e0 <a href=\"mailto:westnipissingpride@gmail.com\">westnipissingpride@gmail.com<\/a> ou en personne au <a href=\"https:\/\/www.google.com\/maps\/place\/West+Nipissing+Community+and+Recreation+Centre\/@46.3670072,-79.917072,15z\/data=!4m2!3m1!1s0x0:0xd897a9729e406d9d?sa=X&amp;ved=2ahUKEwiEtc_7i7v-AhXwlokEHUC0CW0Q_BJ6BAhlEAg\">Centre communautaire et r\u00e9cr\u00e9atif de Nipissing Ouest.<\/a> <\/p>\n<\/div>\n\n\n\n<div class=\"wp-block-column is-layout-flow wp-block-column-is-layout-flow\" style=\"flex-basis:50%\">\n<figure class=\"wp-block-image size-large is-resized\"><img fetchpriority=\"high\" decoding=\"async\" src=\"https:\/\/www.westnipissing.ca\/wp-content\/uploads\/2023\/04\/parade-poster-FR38-791x1024.jpg\" alt=\"\" class=\"wp-image-39831\" width=\"396\" height=\"513\"\/><\/figure>\n<\/div>\n<\/div>\n","protected":false},"excerpt":{"rendered":"<p>La Municipalit\u00e9, en partenariat avec le Comit\u00e9 de Fiert\u00e9 Nipissing Ouest, a le plaisir d&#8217;annoncer sa la premi\u00e8re parade annuelle de la Fiert\u00e9, qui aura lieu \u00e0 Sturgeon Falls le [&hellip;]<\/p>\n","protected":false},"author":3,"featured_media":0,"comment_status":"open","ping_status":"open","sticky":false,"template":"","format":"standard","meta":{"_acf_changed":false,"_searchwp_excluded":"","footnotes":""},"categories":[1947],"tags":[],"class_list":["post-64399","post","type-post","status-publish","format-standard","hentry","category-nouvelles"],"acf":[],"yoast_head":"<!-- This site is optimized with the Yoast SEO Premium plugin v27.5 (Yoast SEO v27.5) - https:\/\/yoast.com\/product\/yoast-seo-premium-wordpress\/ -->\n<title>Premi\u00e8re parade annuelle de la fiert\u00e9 de Nipissing Ouest le 10 juin - West Nipissing Ouest<\/title>\n<meta name=\"robots\" content=\"index, follow, max-snippet:-1, max-image-preview:large, max-video-preview:-1\" \/>\n<link rel=\"canonical\" href=\"https:\/\/www.westnipissing.ca\/fr\/west-nipissing-pride-announces-first-local-pride-parade\/\" \/>\n<meta property=\"og:locale\" content=\"fr_FR\" \/>\n<meta property=\"og:type\" content=\"article\" \/>\n<meta property=\"og:title\" content=\"Premi\u00e8re parade annuelle de la fiert\u00e9 de Nipissing Ouest le 10 juin\" \/>\n<meta property=\"og:description\" content=\"La Municipalit\u00e9, en partenariat avec le Comit\u00e9 de Fiert\u00e9 Nipissing Ouest, a le plaisir d&#8217;annoncer sa la premi\u00e8re parade annuelle de la Fiert\u00e9, qui aura lieu \u00e0 Sturgeon Falls le [&hellip;]\" \/>\n<meta property=\"og:url\" content=\"https:\/\/www.westnipissing.ca\/fr\/west-nipissing-pride-announces-first-local-pride-parade\/\" \/>\n<meta property=\"og:site_name\" content=\"West Nipissing Ouest\" \/>\n<meta property=\"article:publisher\" content=\"https:\/\/www.facebook.com\/MunicipalityofWestNipissing\/\" \/>\n<meta property=\"article:published_time\" content=\"2023-04-21T17:38:06+00:00\" \/>\n<meta property=\"article:modified_time\" content=\"2025-11-21T01:44:41+00:00\" \/>\n<meta name=\"author\" content=\"Howie Longfellow\" \/>\n<meta name=\"twitter:card\" content=\"summary_large_image\" \/>\n<meta name=\"twitter:creator\" content=\"@West_Nipissing\" \/>\n<meta name=\"twitter:site\" content=\"@West_Nipissing\" \/>\n<meta name=\"twitter:label1\" content=\"\u00c9crit par\" \/>\n\t<meta name=\"twitter:data1\" content=\"Howie Longfellow\" \/>\n\t<meta name=\"twitter:label2\" content=\"Dur\u00e9e de lecture estim\u00e9e\" \/>\n\t<meta name=\"twitter:data2\" content=\"1 minute\" \/>\n<script type=\"application\/ld+json\" class=\"yoast-schema-graph\">{\"@context\":\"https:\\\/\\\/schema.org\",\"@graph\":[{\"@type\":\"Article\",\"@id\":\"https:\\\/\\\/www.westnipissing.ca\\\/fr\\\/west-nipissing-pride-announces-first-local-pride-parade\\\/#article\",\"isPartOf\":{\"@id\":\"https:\\\/\\\/www.westnipissing.ca\\\/fr\\\/west-nipissing-pride-announces-first-local-pride-parade\\\/\"},\"author\":{\"name\":\"Howie Longfellow\",\"@id\":\"https:\\\/\\\/www.westnipissing.ca\\\/fr\\\/#\\\/schema\\\/person\\\/c47688a9cdade2bd6c39bca7af32e57d\"},\"headline\":\"Premi\u00e8re parade annuelle de la fiert\u00e9 de Nipissing Ouest le 10 juin\",\"datePublished\":\"2023-04-21T17:38:06+00:00\",\"dateModified\":\"2025-11-21T01:44:41+00:00\",\"mainEntityOfPage\":{\"@id\":\"https:\\\/\\\/www.westnipissing.ca\\\/fr\\\/west-nipissing-pride-announces-first-local-pride-parade\\\/\"},\"wordCount\":196,\"commentCount\":0,\"publisher\":{\"@id\":\"https:\\\/\\\/www.westnipissing.ca\\\/fr\\\/#organization\"},\"image\":{\"@id\":\"https:\\\/\\\/www.westnipissing.ca\\\/fr\\\/west-nipissing-pride-announces-first-local-pride-parade\\\/#primaryimage\"},\"thumbnailUrl\":\"https:\\\/\\\/www.westnipissing.ca\\\/wp-content\\\/uploads\\\/2023\\\/04\\\/parade-poster-FR38-791x1024.jpg\",\"articleSection\":[\"Nouvelles\"],\"inLanguage\":\"fr-FR\",\"potentialAction\":[{\"@type\":\"CommentAction\",\"name\":\"Comment\",\"target\":[\"https:\\\/\\\/www.westnipissing.ca\\\/fr\\\/west-nipissing-pride-announces-first-local-pride-parade\\\/#respond\"]}]},{\"@type\":\"WebPage\",\"@id\":\"https:\\\/\\\/www.westnipissing.ca\\\/fr\\\/west-nipissing-pride-announces-first-local-pride-parade\\\/\",\"url\":\"https:\\\/\\\/www.westnipissing.ca\\\/fr\\\/west-nipissing-pride-announces-first-local-pride-parade\\\/\",\"name\":\"Premi\u00e8re parade annuelle de la fiert\u00e9 de Nipissing Ouest le 10 juin - West Nipissing Ouest\",\"isPartOf\":{\"@id\":\"https:\\\/\\\/www.westnipissing.ca\\\/fr\\\/#website\"},\"primaryImageOfPage\":{\"@id\":\"https:\\\/\\\/www.westnipissing.ca\\\/fr\\\/west-nipissing-pride-announces-first-local-pride-parade\\\/#primaryimage\"},\"image\":{\"@id\":\"https:\\\/\\\/www.westnipissing.ca\\\/fr\\\/west-nipissing-pride-announces-first-local-pride-parade\\\/#primaryimage\"},\"thumbnailUrl\":\"https:\\\/\\\/www.westnipissing.ca\\\/wp-content\\\/uploads\\\/2023\\\/04\\\/parade-poster-FR38-791x1024.jpg\",\"datePublished\":\"2023-04-21T17:38:06+00:00\",\"dateModified\":\"2025-11-21T01:44:41+00:00\",\"breadcrumb\":{\"@id\":\"https:\\\/\\\/www.westnipissing.ca\\\/fr\\\/west-nipissing-pride-announces-first-local-pride-parade\\\/#breadcrumb\"},\"inLanguage\":\"fr-FR\",\"potentialAction\":[{\"@type\":\"ReadAction\",\"target\":[\"https:\\\/\\\/www.westnipissing.ca\\\/fr\\\/west-nipissing-pride-announces-first-local-pride-parade\\\/\"]}]},{\"@type\":\"ImageObject\",\"inLanguage\":\"fr-FR\",\"@id\":\"https:\\\/\\\/www.westnipissing.ca\\\/fr\\\/west-nipissing-pride-announces-first-local-pride-parade\\\/#primaryimage\",\"url\":\"https:\\\/\\\/www.westnipissing.ca\\\/wp-content\\\/uploads\\\/2023\\\/04\\\/parade-poster-FR38-791x1024.jpg\",\"contentUrl\":\"https:\\\/\\\/www.westnipissing.ca\\\/wp-content\\\/uploads\\\/2023\\\/04\\\/parade-poster-FR38-791x1024.jpg\"},{\"@type\":\"BreadcrumbList\",\"@id\":\"https:\\\/\\\/www.westnipissing.ca\\\/fr\\\/west-nipissing-pride-announces-first-local-pride-parade\\\/#breadcrumb\",\"itemListElement\":[{\"@type\":\"ListItem\",\"position\":1,\"name\":\"Home\",\"item\":\"https:\\\/\\\/www.westnipissing.ca\\\/fr\\\/\"},{\"@type\":\"ListItem\",\"position\":2,\"name\":\"Nouvelles\",\"item\":\"https:\\\/\\\/www.westnipissing.ca\\\/fr\\\/category\\\/nouvelles\\\/\"},{\"@type\":\"ListItem\",\"position\":3,\"name\":\"Premi\u00e8re parade annuelle de la fiert\u00e9 de Nipissing Ouest le 10 juin\"}]},{\"@type\":\"WebSite\",\"@id\":\"https:\\\/\\\/www.westnipissing.ca\\\/fr\\\/#website\",\"url\":\"https:\\\/\\\/www.westnipissing.ca\\\/fr\\\/\",\"name\":\"West Nipissing Ouest\",\"description\":\"Find your Joie de vivre in West Nipissing.\",\"publisher\":{\"@id\":\"https:\\\/\\\/www.westnipissing.ca\\\/fr\\\/#organization\"},\"potentialAction\":[{\"@type\":\"SearchAction\",\"target\":{\"@type\":\"EntryPoint\",\"urlTemplate\":\"https:\\\/\\\/www.westnipissing.ca\\\/fr\\\/?s={search_term_string}\"},\"query-input\":{\"@type\":\"PropertyValueSpecification\",\"valueRequired\":true,\"valueName\":\"search_term_string\"}}],\"inLanguage\":\"fr-FR\"},{\"@type\":\"Organization\",\"@id\":\"https:\\\/\\\/www.westnipissing.ca\\\/fr\\\/#organization\",\"name\":\"West Nipissing Ouest\",\"url\":\"https:\\\/\\\/www.westnipissing.ca\\\/fr\\\/\",\"logo\":{\"@type\":\"ImageObject\",\"inLanguage\":\"fr-FR\",\"@id\":\"https:\\\/\\\/www.westnipissing.ca\\\/fr\\\/#\\\/schema\\\/logo\\\/image\\\/\",\"url\":\"https:\\\/\\\/www.westnipissing.ca\\\/wp-content\\\/uploads\\\/2024\\\/04\\\/site-logo.jpg\",\"contentUrl\":\"https:\\\/\\\/www.westnipissing.ca\\\/wp-content\\\/uploads\\\/2024\\\/04\\\/site-logo.jpg\",\"width\":700,\"height\":225,\"caption\":\"West Nipissing Ouest\"},\"image\":{\"@id\":\"https:\\\/\\\/www.westnipissing.ca\\\/fr\\\/#\\\/schema\\\/logo\\\/image\\\/\"},\"sameAs\":[\"https:\\\/\\\/www.facebook.com\\\/MunicipalityofWestNipissing\\\/\",\"https:\\\/\\\/x.com\\\/West_Nipissing\",\"https:\\\/\\\/www.youtube.com\\\/channel\\\/UCG6HWMXnA-RBiH-UdZVClHg\"],\"description\":\"Municipality of West Nipissing\",\"email\":\"info@westnipissing.ca\",\"telephone\":\"705-753-2250\",\"legalName\":\"Municipality of West Nipissing\"},{\"@type\":\"Person\",\"@id\":\"https:\\\/\\\/www.westnipissing.ca\\\/fr\\\/#\\\/schema\\\/person\\\/c47688a9cdade2bd6c39bca7af32e57d\",\"name\":\"Howie Longfellow\",\"image\":{\"@type\":\"ImageObject\",\"inLanguage\":\"fr-FR\",\"@id\":\"https:\\\/\\\/secure.gravatar.com\\\/avatar\\\/02268808589e2688e18dee6d624000267dffee5042f44d1d51f79cc2a75891ba?s=96&d=identicon&r=g\",\"url\":\"https:\\\/\\\/secure.gravatar.com\\\/avatar\\\/02268808589e2688e18dee6d624000267dffee5042f44d1d51f79cc2a75891ba?s=96&d=identicon&r=g\",\"contentUrl\":\"https:\\\/\\\/secure.gravatar.com\\\/avatar\\\/02268808589e2688e18dee6d624000267dffee5042f44d1d51f79cc2a75891ba?s=96&d=identicon&r=g\",\"caption\":\"Howie Longfellow\"},\"sameAs\":[\"http:\\\/\\\/www.crimsonpepper.com\"],\"url\":\"https:\\\/\\\/www.westnipissing.ca\\\/fr\\\/author\\\/h-longfellow\\\/\"}]}<\/script>\n<!-- \/ Yoast SEO Premium plugin. -->","yoast_head_json":{"title":"Premi\u00e8re parade annuelle de la fiert\u00e9 de Nipissing Ouest le 10 juin - West Nipissing Ouest","robots":{"index":"index","follow":"follow","max-snippet":"max-snippet:-1","max-image-preview":"max-image-preview:large","max-video-preview":"max-video-preview:-1"},"canonical":"https:\/\/www.westnipissing.ca\/fr\/west-nipissing-pride-announces-first-local-pride-parade\/","og_locale":"fr_FR","og_type":"article","og_title":"Premi\u00e8re parade annuelle de la fiert\u00e9 de Nipissing Ouest le 10 juin","og_description":"La Municipalit\u00e9, en partenariat avec le Comit\u00e9 de Fiert\u00e9 Nipissing Ouest, a le plaisir d&#8217;annoncer sa la premi\u00e8re parade annuelle de la Fiert\u00e9, qui aura lieu \u00e0 Sturgeon Falls le [&hellip;]","og_url":"https:\/\/www.westnipissing.ca\/fr\/west-nipissing-pride-announces-first-local-pride-parade\/","og_site_name":"West Nipissing Ouest","article_publisher":"https:\/\/www.facebook.com\/MunicipalityofWestNipissing\/","article_published_time":"2023-04-21T17:38:06+00:00","article_modified_time":"2025-11-21T01:44:41+00:00","author":"Howie Longfellow","twitter_card":"summary_large_image","twitter_creator":"@West_Nipissing","twitter_site":"@West_Nipissing","twitter_misc":{"\u00c9crit par":"Howie Longfellow","Dur\u00e9e de lecture estim\u00e9e":"1 minute"},"schema":{"@context":"https:\/\/schema.org","@graph":[{"@type":"Article","@id":"https:\/\/www.westnipissing.ca\/fr\/west-nipissing-pride-announces-first-local-pride-parade\/#article","isPartOf":{"@id":"https:\/\/www.westnipissing.ca\/fr\/west-nipissing-pride-announces-first-local-pride-parade\/"},"author":{"name":"Howie Longfellow","@id":"https:\/\/www.westnipissing.ca\/fr\/#\/schema\/person\/c47688a9cdade2bd6c39bca7af32e57d"},"headline":"Premi\u00e8re parade annuelle de la fiert\u00e9 de Nipissing Ouest le 10 juin","datePublished":"2023-04-21T17:38:06+00:00","dateModified":"2025-11-21T01:44:41+00:00","mainEntityOfPage":{"@id":"https:\/\/www.westnipissing.ca\/fr\/west-nipissing-pride-announces-first-local-pride-parade\/"},"wordCount":196,"commentCount":0,"publisher":{"@id":"https:\/\/www.westnipissing.ca\/fr\/#organization"},"image":{"@id":"https:\/\/www.westnipissing.ca\/fr\/west-nipissing-pride-announces-first-local-pride-parade\/#primaryimage"},"thumbnailUrl":"https:\/\/www.westnipissing.ca\/wp-content\/uploads\/2023\/04\/parade-poster-FR38-791x1024.jpg","articleSection":["Nouvelles"],"inLanguage":"fr-FR","potentialAction":[{"@type":"CommentAction","name":"Comment","target":["https:\/\/www.westnipissing.ca\/fr\/west-nipissing-pride-announces-first-local-pride-parade\/#respond"]}]},{"@type":"WebPage","@id":"https:\/\/www.westnipissing.ca\/fr\/west-nipissing-pride-announces-first-local-pride-parade\/","url":"https:\/\/www.westnipissing.ca\/fr\/west-nipissing-pride-announces-first-local-pride-parade\/","name":"Premi\u00e8re parade annuelle de la fiert\u00e9 de Nipissing Ouest le 10 juin - West Nipissing Ouest","isPartOf":{"@id":"https:\/\/www.westnipissing.ca\/fr\/#website"},"primaryImageOfPage":{"@id":"https:\/\/www.westnipissing.ca\/fr\/west-nipissing-pride-announces-first-local-pride-parade\/#primaryimage"},"image":{"@id":"https:\/\/www.westnipissing.ca\/fr\/west-nipissing-pride-announces-first-local-pride-parade\/#primaryimage"},"thumbnailUrl":"https:\/\/www.westnipissing.ca\/wp-content\/uploads\/2023\/04\/parade-poster-FR38-791x1024.jpg","datePublished":"2023-04-21T17:38:06+00:00","dateModified":"2025-11-21T01:44:41+00:00","breadcrumb":{"@id":"https:\/\/www.westnipissing.ca\/fr\/west-nipissing-pride-announces-first-local-pride-parade\/#breadcrumb"},"inLanguage":"fr-FR","potentialAction":[{"@type":"ReadAction","target":["https:\/\/www.westnipissing.ca\/fr\/west-nipissing-pride-announces-first-local-pride-parade\/"]}]},{"@type":"ImageObject","inLanguage":"fr-FR","@id":"https:\/\/www.westnipissing.ca\/fr\/west-nipissing-pride-announces-first-local-pride-parade\/#primaryimage","url":"https:\/\/www.westnipissing.ca\/wp-content\/uploads\/2023\/04\/parade-poster-FR38-791x1024.jpg","contentUrl":"https:\/\/www.westnipissing.ca\/wp-content\/uploads\/2023\/04\/parade-poster-FR38-791x1024.jpg"},{"@type":"BreadcrumbList","@id":"https:\/\/www.westnipissing.ca\/fr\/west-nipissing-pride-announces-first-local-pride-parade\/#breadcrumb","itemListElement":[{"@type":"ListItem","position":1,"name":"Home","item":"https:\/\/www.westnipissing.ca\/fr\/"},{"@type":"ListItem","position":2,"name":"Nouvelles","item":"https:\/\/www.westnipissing.ca\/fr\/category\/nouvelles\/"},{"@type":"ListItem","position":3,"name":"Premi\u00e8re parade annuelle de la fiert\u00e9 de Nipissing Ouest le 10 juin"}]},{"@type":"WebSite","@id":"https:\/\/www.westnipissing.ca\/fr\/#website","url":"https:\/\/www.westnipissing.ca\/fr\/","name":"West Nipissing Ouest","description":"Find your Joie de vivre in West Nipissing.","publisher":{"@id":"https:\/\/www.westnipissing.ca\/fr\/#organization"},"potentialAction":[{"@type":"SearchAction","target":{"@type":"EntryPoint","urlTemplate":"https:\/\/www.westnipissing.ca\/fr\/?s={search_term_string}"},"query-input":{"@type":"PropertyValueSpecification","valueRequired":true,"valueName":"search_term_string"}}],"inLanguage":"fr-FR"},{"@type":"Organization","@id":"https:\/\/www.westnipissing.ca\/fr\/#organization","name":"West Nipissing Ouest","url":"https:\/\/www.westnipissing.ca\/fr\/","logo":{"@type":"ImageObject","inLanguage":"fr-FR","@id":"https:\/\/www.westnipissing.ca\/fr\/#\/schema\/logo\/image\/","url":"https:\/\/www.westnipissing.ca\/wp-content\/uploads\/2024\/04\/site-logo.jpg","contentUrl":"https:\/\/www.westnipissing.ca\/wp-content\/uploads\/2024\/04\/site-logo.jpg","width":700,"height":225,"caption":"West Nipissing Ouest"},"image":{"@id":"https:\/\/www.westnipissing.ca\/fr\/#\/schema\/logo\/image\/"},"sameAs":["https:\/\/www.facebook.com\/MunicipalityofWestNipissing\/","https:\/\/x.com\/West_Nipissing","https:\/\/www.youtube.com\/channel\/UCG6HWMXnA-RBiH-UdZVClHg"],"description":"Municipality of West Nipissing","email":"info@westnipissing.ca","telephone":"705-753-2250","legalName":"Municipality of West Nipissing"},{"@type":"Person","@id":"https:\/\/www.westnipissing.ca\/fr\/#\/schema\/person\/c47688a9cdade2bd6c39bca7af32e57d","name":"Howie Longfellow","image":{"@type":"ImageObject","inLanguage":"fr-FR","@id":"https:\/\/secure.gravatar.com\/avatar\/02268808589e2688e18dee6d624000267dffee5042f44d1d51f79cc2a75891ba?s=96&d=identicon&r=g","url":"https:\/\/secure.gravatar.com\/avatar\/02268808589e2688e18dee6d624000267dffee5042f44d1d51f79cc2a75891ba?s=96&d=identicon&r=g","contentUrl":"https:\/\/secure.gravatar.com\/avatar\/02268808589e2688e18dee6d624000267dffee5042f44d1d51f79cc2a75891ba?s=96&d=identicon&r=g","caption":"Howie Longfellow"},"sameAs":["http:\/\/www.crimsonpepper.com"],"url":"https:\/\/www.westnipissing.ca\/fr\/author\/h-longfellow\/"}]}},"publishpress_future_action":{"enabled":false,"date":"2026-05-06 20:43:55","action":"change-status","newStatus":"draft","terms":[],"taxonomy":"category","extraData":[]},"publishpress_future_workflow_manual_trigger":{"enabledWorkflows":[]},"_links":{"self":[{"href":"https:\/\/www.westnipissing.ca\/fr\/wp-json\/wp\/v2\/posts\/64399","targetHints":{"allow":["GET"]}}],"collection":[{"href":"https:\/\/www.westnipissing.ca\/fr\/wp-json\/wp\/v2\/posts"}],"about":[{"href":"https:\/\/www.westnipissing.ca\/fr\/wp-json\/wp\/v2\/types\/post"}],"author":[{"embeddable":true,"href":"https:\/\/www.westnipissing.ca\/fr\/wp-json\/wp\/v2\/users\/3"}],"replies":[{"embeddable":true,"href":"https:\/\/www.westnipissing.ca\/fr\/wp-json\/wp\/v2\/comments?post=64399"}],"version-history":[{"count":0,"href":"https:\/\/www.westnipissing.ca\/fr\/wp-json\/wp\/v2\/posts\/64399\/revisions"}],"wp:attachment":[{"href":"https:\/\/www.westnipissing.ca\/fr\/wp-json\/wp\/v2\/media?parent=64399"}],"wp:term":[{"taxonomy":"category","embeddable":true,"href":"https:\/\/www.westnipissing.ca\/fr\/wp-json\/wp\/v2\/categories?post=64399"},{"taxonomy":"post_tag","embeddable":true,"href":"https:\/\/www.westnipissing.ca\/fr\/wp-json\/wp\/v2\/tags?post=64399"}],"curies":[{"name":"wp","href":"https:\/\/api.w.org\/{rel}","templated":true}]}}